{"id":10281,"date":"2024-06-27T14:42:31","date_gmt":"2024-06-27T14:42:31","guid":{"rendered":"https:\/\/tarn.lpo.fr\/?p=10281"},"modified":"2026-03-30T10:06:48","modified_gmt":"2026-03-30T10:06:48","slug":"calendrier-des-activites-2024-deuxieme-semestre","status":"publish","type":"post","link":"https:\/\/tarn.lpo.fr\/?p=10281","title":{"rendered":"Calendrier des activit\u00e9s 2024 &#8211; Deuxi\u00e8me semestre"},"content":{"rendered":"<p><a href=\"https:\/\/tarn.lpo.fr\/wp-content\/uploads\/2026\/03\/calendrier2024n2.pdf\" target=\"_blank\" rel=\"attachment noopener wp-att-10272\"><img loading=\"lazy\" decoding=\"async\" class=\"alignleft wp-image-10272 size-medium\" src=\"https:\/\/tarn.lpo.fr\/wp-content\/uploads\/2024\/06\/Image_calendrier2024_2-212x300.jpg\" alt=\"\" width=\"212\" height=\"300\"><\/a>LPO Tarn sont toujours aussi actifs et vous proposent de nombreuses sorties et animations au programme des activit\u00e9s du deuxi\u00e8me semestre de 2024.<\/p>\n<p>Retrouvez notre calendrier des activit\u00e9s que vous pouvez consulter en ligne, ou t\u00e9l\u00e9charger et imprimer.<\/p>\n<p><a href=\"https:\/\/tarn.lpo.fr\/wp-content\/uploads\/2026\/03\/calendrier2024n2.pdf\" target=\"_blank\" rel=\"noopener\">T\u00e9l\u00e9charger le calendrier 2024 &#8211; Deuxi\u00e8me semestre<\/a><\/p>\n","protected":false},"excerpt":{"rendered":"<p>LPO Tarn sont toujours aussi actifs et vous proposent de nombreuses sorties et animations au programme des activit\u00e9s du deuxi\u00e8me semestre de 2024. Retrouvez notre calendrier des activit\u00e9s que vous pouvez consulter en ligne, ou t\u00e9l\u00e9charger et imprimer. T\u00e9l\u00e9charger le calendrier 2024 &#8211; Deuxi\u00e8me semestre<\/p>\n","protected":false},"author":7,"featured_media":0,"comment_status":"closed","ping_status":"closed","sticky":false,"template":"","format":"standard","meta":{"ngg_post_thumbnail":0,"footnotes":""},"categories":[4],"tags":[20],"class_list":["post-10281","post","type-post","status-publish","format-standard","hentry","category-publications","tag-calendrier-des-activites","nodate","item-wrap"],"_links":{"self":[{"href":"https:\/\/tarn.lpo.fr\/index.php?rest_route=\/wp\/v2\/posts\/10281","targetHints":{"allow":["GET"]}}],"collection":[{"href":"https:\/\/tarn.lpo.fr\/index.php?rest_route=\/wp\/v2\/posts"}],"about":[{"href":"https:\/\/tarn.lpo.fr\/index.php?rest_route=\/wp\/v2\/types\/post"}],"author":[{"embeddable":true,"href":"https:\/\/tarn.lpo.fr\/index.php?rest_route=\/wp\/v2\/users\/7"}],"replies":[{"embeddable":true,"href":"https:\/\/tarn.lpo.fr\/index.php?rest_route=%2Fwp%2Fv2%2Fcomments&post=10281"}],"version-history":[{"count":0,"href":"https:\/\/tarn.lpo.fr\/index.php?rest_route=\/wp\/v2\/posts\/10281\/revisions"}],"wp:attachment":[{"href":"https:\/\/tarn.lpo.fr\/index.php?rest_route=%2Fwp%2Fv2%2Fmedia&parent=10281"}],"wp:term":[{"taxonomy":"category","embeddable":true,"href":"https:\/\/tarn.lpo.fr\/index.php?rest_route=%2Fwp%2Fv2%2Fcategories&post=10281"},{"taxonomy":"post_tag","embeddable":true,"href":"https:\/\/tarn.lpo.fr\/index.php?rest_route=%2Fwp%2Fv2%2Ftags&post=10281"}],"curies":[{"name":"wp","href":"https:\/\/api.w.org\/{rel}","templated":true}]}}