{"id":11548,"date":"2025-03-25T11:04:07","date_gmt":"2025-03-25T11:04:07","guid":{"rendered":"https:\/\/tarn.lpo.fr\/?p=11548"},"modified":"2025-05-26T07:52:10","modified_gmt":"2025-05-26T07:52:10","slug":"dans-le-tarn-aussi-la-nature-est-en-deuil","status":"publish","type":"post","link":"https:\/\/tarn.lpo.fr\/?p=11548","title":{"rendered":"Dans le Tarn aussi&#8230; la nature est en deuil !"},"content":{"rendered":"<p style=\"text-align: justify;\"><img loading=\"lazy\" decoding=\"async\" class=\"alignleft wp-image-11551 size-medium\" src=\"https:\/\/tarn.lpo.fr\/wp-content\/uploads\/2025\/03\/Image_nature_en_deuil_001-225x300.jpg\" alt=\"\" width=\"225\" height=\"300\" srcset=\"https:\/\/tarn.lpo.fr\/wp-content\/uploads\/2025\/03\/Image_nature_en_deuil_001-225x300.jpg 225w, https:\/\/tarn.lpo.fr\/wp-content\/uploads\/2025\/03\/Image_nature_en_deuil_001-652x869.jpg 652w, https:\/\/tarn.lpo.fr\/wp-content\/uploads\/2025\/03\/Image_nature_en_deuil_001.jpg 756w\" sizes=\"auto, (max-width: 225px) 100vw, 225px\" \/>\u00ab\u00a0Nature en deuil\u00a0\u00bb est un appel \u00e0 la prise de conscience ! Un \u00e9v\u00e8nement symbolique, organis\u00e9 par la LPO, visant \u00e0 alerter st sensibiliser le public face au d\u00e9clin alarmant de la biodiversit\u00e9.<\/p>\n<p style=\"text-align: justify;\">Ce jeudi 20 mars, des adh\u00e9rents et des sympathisants se sont rassembl\u00e9s devant les locaux de la LPO Occitanie-Tarn, pour rendre hommage \u00e0 la nature. L&rsquo;occasion pour eux, d&rsquo;exprimer leur d\u00e9termination face aux r\u00e9gressions environnementales qui s&rsquo;enchainent depuis plus d&rsquo;un an et mettent en p\u00e9ril notre plan\u00e8te et nos ressources!<\/p>\n<p style=\"text-align: justify;\">Malgr\u00e9 la forte demande de nos concitoyens et l&rsquo;urgence \u00e0 agir, la puissance publique ne cesse de tourner le dos \u00e0 la protection du vivant.<\/p>\n<ul>\n<li style=\"text-align: justify;\">La situation est critique, mais il n&rsquo;est pas trop tard pour agir !<\/li>\n<li style=\"text-align: justify;\">Ensemble, exigeons des politiques ambitieuses pour la nature et d\u00e9non\u00e7ons les d\u00e9cisions qui d\u00e9truisent nos \u00e9cosyst\u00e8mes et compromettent notre avenir commun. Mobilisons-nous !<\/li>\n<li style=\"text-align: justify;\">L&rsquo;\u00e9quipe de la LPO Occitanie-Tarn remercie les b\u00e9n\u00e9voles et sympathisants pour leurs partages et leur mobilisation.<\/li>\n<\/ul>\n","protected":false},"excerpt":{"rendered":"<p>\u00ab\u00a0Nature en deuil\u00a0\u00bb est un appel \u00e0 la prise de conscience ! Un \u00e9v\u00e8nement symbolique, organis\u00e9 par la LPO, visant \u00e0 alerter st sensibiliser le public face au d\u00e9clin alarmant de la biodiversit\u00e9. Ce jeudi 20 mars, des adh\u00e9rents et des sympathisants se sont rassembl\u00e9s devant les locaux de la LPO Occitanie-Tarn, pour rendre hommage &hellip; <\/p>\n<p><a class=\"more-link btn\" href=\"https:\/\/tarn.lpo.fr\/?p=11548\">Lire la suite<\/a><\/p>\n","protected":false},"author":7,"featured_media":0,"comment_status":"closed","ping_status":"closed","sticky":false,"template":"","format":"standard","meta":{"ngg_post_thumbnail":0,"footnotes":""},"categories":[22],"tags":[120],"class_list":["post-11548","post","type-post","status-publish","format-standard","hentry","category-actualites","tag-communique-de-presse","nodate","item-wrap"],"_links":{"self":[{"href":"https:\/\/tarn.lpo.fr\/index.php?rest_route=\/wp\/v2\/posts\/11548","targetHints":{"allow":["GET"]}}],"collection":[{"href":"https:\/\/tarn.lpo.fr\/index.php?rest_route=\/wp\/v2\/posts"}],"about":[{"href":"https:\/\/tarn.lpo.fr\/index.php?rest_route=\/wp\/v2\/types\/post"}],"author":[{"embeddable":true,"href":"https:\/\/tarn.lpo.fr\/index.php?rest_route=\/wp\/v2\/users\/7"}],"replies":[{"embeddable":true,"href":"https:\/\/tarn.lpo.fr\/index.php?rest_route=%2Fwp%2Fv2%2Fcomments&post=11548"}],"version-history":[{"count":0,"href":"https:\/\/tarn.lpo.fr\/index.php?rest_route=\/wp\/v2\/posts\/11548\/revisions"}],"wp:attachment":[{"href":"https:\/\/tarn.lpo.fr\/index.php?rest_route=%2Fwp%2Fv2%2Fmedia&parent=11548"}],"wp:term":[{"taxonomy":"category","embeddable":true,"href":"https:\/\/tarn.lpo.fr\/index.php?rest_route=%2Fwp%2Fv2%2Fcategories&post=11548"},{"taxonomy":"post_tag","embeddable":true,"href":"https:\/\/tarn.lpo.fr\/index.php?rest_route=%2Fwp%2Fv2%2Ftags&post=11548"}],"curies":[{"name":"wp","href":"https:\/\/api.w.org\/{rel}","templated":true}]}}