{"id":11761,"date":"2025-05-07T14:18:57","date_gmt":"2025-05-07T14:18:57","guid":{"rendered":"https:\/\/tarn.lpo.fr\/?p=11761"},"modified":"2025-07-07T20:30:27","modified_gmt":"2025-07-07T20:30:27","slug":"courrier-de-lhirondelle-161-mai-2025","status":"publish","type":"post","link":"https:\/\/tarn.lpo.fr\/?p=11761","title":{"rendered":"Courrier de l&rsquo;Hirondelle 161 &#8211; mai 2025"},"content":{"rendered":"<p><a href=\"https:\/\/tarn.lpo.fr\/wp-content\/uploads\/2025\/05\/lecourrierdelhirondelle161_202505.pdf\" target=\"_blank\" rel=\"attachment noopener wp-att-11783\"><img loading=\"lazy\" decoding=\"async\" class=\"alignleft wp-image-11783 size-medium\" src=\"https:\/\/tarn.lpo.fr\/wp-content\/uploads\/2025\/05\/Image_CDH_161-212x300.jpg\" alt=\"\" width=\"212\" height=\"300\" srcset=\"https:\/\/tarn.lpo.fr\/wp-content\/uploads\/2025\/05\/Image_CDH_161-212x300.jpg 212w, https:\/\/tarn.lpo.fr\/wp-content\/uploads\/2025\/05\/Image_CDH_161-724x1024.jpg 724w, https:\/\/tarn.lpo.fr\/wp-content\/uploads\/2025\/05\/Image_CDH_161-768x1086.jpg 768w, https:\/\/tarn.lpo.fr\/wp-content\/uploads\/2025\/05\/Image_CDH_161-1086x1536.jpg 1086w, https:\/\/tarn.lpo.fr\/wp-content\/uploads\/2025\/05\/Image_CDH_161-652x922.jpg 652w, https:\/\/tarn.lpo.fr\/wp-content\/uploads\/2025\/05\/Image_CDH_161.jpg 1241w\" sizes=\"auto, (max-width: 212px) 100vw, 212px\" \/><\/a>Mise en ligne du num\u00e9ro 161 &#8211; mai 2025 du bulletin mensuel de la LPO du Tarn<\/p>\n<p><a href=\"https:\/\/tarn.lpo.fr\/wp-content\/uploads\/2025\/05\/lecourrierdelhirondelle161_202505.pdf\" target=\"_blank\" rel=\"noopener\">T\u00e9l\u00e9charger le Courrier de l\u2019Hirondelle n\u00b0161<\/a><\/p>\n<p>Vous pouvez retrouver les anciens num\u00e9ros du \u201cLe Courrier de l\u2019Hirondelle\u201d sur la page <a href=\"https:\/\/tarn.lpo.fr\/?page_id=227\" rel=\"noopener\">Le Courrier de l\u2019Hirondelle<\/a><\/p>\n<p>Retrouvez le sommaire du Courrier de l&rsquo;hirondelle en cliquant ci-dessous.<\/p>\n<p>&nbsp;<\/p>\n<p><!--more--><\/p>\n<p>&nbsp;<\/p>\n<p>BIEN CONNAITRE, C&rsquo;EST PROTEGER :<br \/>\n&#8211; <span class=\"OYPEnA font-feature-liga-off font-feature-clig-off font-feature-calt-off text-decoration-none text-strikethrough-none\">Le cincle plongeur Comme bioindicateur des rivi\u00e8res<\/span>.<\/p>\n<p>AGIR AVEC LES REFUGES LPO :<br \/>\n&#8211; <span class=\"OYPEnA font-feature-liga-off font-feature-clig-off font-feature-calt-off text-decoration-none text-strikethrough-none\">24 et 25 mai 2025 : comptage national des oiseaux des jardins.<\/span><\/p>\n<p>ATLAS DES REPTILES ET AMPHIBIENS DU TARN :<br \/>\n&#8211; <span class=\"OYPEnA font-feature-liga-off font-feature-clig-off font-feature-calt-off text-decoration-none text-strikethrough-none\">La Salamandre tachet\u00e9e dans le Tarn<\/span>.<\/p>\n<p>ACTUALIT\u00c9S LOCALES<br \/>\n&#8211; <span class=\"OYPEnA font-feature-liga-off font-feature-clig-off font-feature-calt-off text-decoration-none text-strikethrough-none\">l\u2019observation du mois : glar\u00e9oles \u00e0 collier dans le Tarn<\/span><span class=\"OYPEnA font-feature-liga-off font-feature-clig-off font-feature-calt-off text-decoration-none text-strikethrough-none\">.<\/span><br \/>\n&#8211; <span class=\"OYPEnA font-feature-liga-off font-feature-clig-off font-feature-calt-off text-decoration-none text-strikethrough-none\">Devenez rapatrieurs faune sauvage<\/span><span class=\"OYPEnA font-feature-liga-off font-feature-clig-off font-feature-calt-off text-decoration-none text-strikethrough-none\">.<\/span><br \/>\n&#8211; <span class=\"OYPEnA font-feature-liga-off font-feature-clig-off font-feature-calt-off text-decoration-none text-strikethrough-none\">Au secours d\u2019un poussin de Chouette hulotte<\/span><span class=\"OYPEnA font-feature-liga-off font-feature-clig-off font-feature-calt-off text-decoration-none text-strikethrough-none\">.<\/span><br \/>\n&#8211; <span class=\"OYPEnA font-feature-liga-off font-feature-clig-off font-feature-calt-off text-decoration-none text-strikethrough-none\">Faucons p\u00e8lerins de Carmaux<\/span><span class=\"OYPEnA font-feature-liga-off font-feature-clig-off font-feature-calt-off text-decoration-none text-strikethrough-none\">.<\/span><br \/>\n&#8211; <span class=\"OYPEnA font-feature-liga-off font-feature-clig-off font-feature-calt-off text-decoration-none text-strikethrough-none\">Festival GRESINH\u00d2L: 15, 16, 17 et 18 MAI 2025<\/span><span class=\"OYPEnA font-feature-liga-off font-feature-clig-off font-feature-calt-off text-decoration-none text-strikethrough-none\">.<\/span><br \/>\n&#8211; <span class=\"OYPEnA font-feature-liga-off font-feature-clig-off font-feature-calt-off text-decoration-none text-strikethrough-none\">Hirondelles de l\u2019albigeois<\/span><span class=\"OYPEnA font-feature-liga-off font-feature-clig-off font-feature-calt-off text-decoration-none text-strikethrough-none\">.<\/span><br \/>\n&#8211; S<span class=\"OYPEnA font-feature-liga-off font-feature-clig-off font-feature-calt-off text-decoration-none text-strikethrough-none\">tand LPO Tarn \u00c0 la Foire Biocyb\u00e8le<\/span><span class=\"OYPEnA font-feature-liga-off font-feature-clig-off font-feature-calt-off text-decoration-none text-strikethrough-none\">.<\/span><br \/>\n&#8211; Les Pr\u00e9riales.<\/p>\n<p>ACTUALIT\u00c9S NATIONALES<br \/>\n&#8211; C<span class=\"OYPEnA font-feature-liga-off font-feature-clig-off font-feature-calt-off text-decoration-none text-strikethrough-none\">oncours Photo d&rsquo;Oiseau de l&rsquo;Ann\u00e9e 2025<\/span><span class=\"OYPEnA font-feature-liga-off font-feature-clig-off font-feature-calt-off text-decoration-none text-strikethrough-none\">.<\/span><br \/>\n&#8211; <span class=\"OYPEnA font-feature-liga-off font-feature-clig-off font-feature-calt-off text-decoration-none text-strikethrough-none\">Encore chass\u00e9e dans le Doubs, alors qu\u2019elle s\u2019\u00e9teint&#8230; Aidez la b\u00e9cassine des marais !<\/span><\/p>\n<p>ART-PICASSO<br \/>\n<span class=\"OYPEnA font-feature-liga-off font-feature-clig-off font-feature-calt-off text-decoration-none text-strikethrough-none\">&#8211; Les oiseaux, muses des artistes d\u2019hier et d\u2019aujourd\u2019hui.<\/span>&nbsp;<\/p>\n<p>QUI SUIS-JE ?<\/p>\n<p>LE SAVIEZ-VOUS ?<br \/>\n<span class=\"OYPEnA font-feature-liga-off font-feature-clig-off font-feature-calt-off text-decoration-none text-strikethrough-none\">Comment est organis\u00e9e l\u2019ann\u00e9e d\u2019un oiseau?<\/span><\/p>\n<p>PORTE PLUME&nbsp;&nbsp;<br \/>\n&#8211; <span class=\"OYPEnA font-feature-liga-off font-feature-clig-off font-feature-calt-off text-decoration-none text-strikethrough-none\">La nature au Caf\u00e9 du commerce<\/span><span class=\"OYPEnA font-feature-liga-off font-feature-clig-off font-feature-calt-off text-decoration-none text-strikethrough-none\">.<\/span><\/p>\n<p>LES RENDEZ-VOUS NATURE.<\/p>\n","protected":false},"excerpt":{"rendered":"<p>Mise en ligne du num\u00e9ro 161 &#8211; mai 2025 du bulletin mensuel de la LPO du Tarn T\u00e9l\u00e9charger le Courrier de l\u2019Hirondelle n\u00b0161 Vous pouvez retrouver les anciens num\u00e9ros du \u201cLe Courrier de l\u2019Hirondelle\u201d sur la page Le Courrier de l\u2019Hirondelle Retrouvez le sommaire du Courrier de l&rsquo;hirondelle en cliquant ci-dessous. &nbsp;<\/p><p><a class=\"more-link btn\" href=\"https:\/\/tarn.lpo.fr\/?p=11761\">Lire la suite<\/a><\/p>\n","protected":false},"author":7,"featured_media":0,"comment_status":"closed","ping_status":"closed","sticky":false,"template":"","format":"standard","meta":{"ngg_post_thumbnail":0,"footnotes":""},"categories":[22],"tags":[66,5],"class_list":["post-11761","post","type-post","status-publish","format-standard","hentry","category-actualites","tag-bulletin-dinformation","tag-courrier-de-lhirondelle","nodate","item-wrap"],"_links":{"self":[{"href":"https:\/\/tarn.lpo.fr\/index.php?rest_route=\/wp\/v2\/posts\/11761","targetHints":{"allow":["GET"]}}],"collection":[{"href":"https:\/\/tarn.lpo.fr\/index.php?rest_route=\/wp\/v2\/posts"}],"about":[{"href":"https:\/\/tarn.lpo.fr\/index.php?rest_route=\/wp\/v2\/types\/post"}],"author":[{"embeddable":true,"href":"https:\/\/tarn.lpo.fr\/index.php?rest_route=\/wp\/v2\/users\/7"}],"replies":[{"embeddable":true,"href":"https:\/\/tarn.lpo.fr\/index.php?rest_route=%2Fwp%2Fv2%2Fcomments&post=11761"}],"version-history":[{"count":0,"href":"https:\/\/tarn.lpo.fr\/index.php?rest_route=\/wp\/v2\/posts\/11761\/revisions"}],"wp:attachment":[{"href":"https:\/\/tarn.lpo.fr\/index.php?rest_route=%2Fwp%2Fv2%2Fmedia&parent=11761"}],"wp:term":[{"taxonomy":"category","embeddable":true,"href":"https:\/\/tarn.lpo.fr\/index.php?rest_route=%2Fwp%2Fv2%2Fcategories&post=11761"},{"taxonomy":"post_tag","embeddable":true,"href":"https:\/\/tarn.lpo.fr\/index.php?rest_route=%2Fwp%2Fv2%2Ftags&post=11761"}],"curies":[{"name":"wp","href":"https:\/\/api.w.org\/{rel}","templated":true}]}}