{"id":12090,"date":"2025-07-09T13:56:18","date_gmt":"2025-07-09T13:56:18","guid":{"rendered":"https:\/\/tarn.lpo.fr\/?p=12090"},"modified":"2025-09-20T07:08:23","modified_gmt":"2025-09-20T07:08:23","slug":"courrier-de-lhirondelle-163-164-juillet-aout-2025","status":"publish","type":"post","link":"https:\/\/tarn.lpo.fr\/?p=12090","title":{"rendered":"Courrier de l&rsquo;Hirondelle 163-164 &#8211; juillet-ao\u00fbt 2025"},"content":{"rendered":"<p><a href=\"https:\/\/tarn.lpo.fr\/wp-content\/uploads\/2025\/09\/lecourrierdelhirondelle_163_164_20250708.pdf\" target=\"_blank\" rel=\"attachment noopener wp-att-12125\"><img loading=\"lazy\" decoding=\"async\" class=\"alignleft wp-image-12125 size-medium\" src=\"https:\/\/tarn.lpo.fr\/wp-content\/uploads\/2025\/07\/Image-CDH-163-164-212x300.jpg\" alt=\"\" width=\"212\" height=\"300\" srcset=\"https:\/\/tarn.lpo.fr\/wp-content\/uploads\/2025\/07\/Image-CDH-163-164-212x300.jpg 212w, https:\/\/tarn.lpo.fr\/wp-content\/uploads\/2025\/07\/Image-CDH-163-164-724x1024.jpg 724w, https:\/\/tarn.lpo.fr\/wp-content\/uploads\/2025\/07\/Image-CDH-163-164-768x1086.jpg 768w, https:\/\/tarn.lpo.fr\/wp-content\/uploads\/2025\/07\/Image-CDH-163-164-1086x1536.jpg 1086w, https:\/\/tarn.lpo.fr\/wp-content\/uploads\/2025\/07\/Image-CDH-163-164-652x922.jpg 652w, https:\/\/tarn.lpo.fr\/wp-content\/uploads\/2025\/07\/Image-CDH-163-164.jpg 1241w\" sizes=\"auto, (max-width: 212px) 100vw, 212px\" \/><\/a>Mise en ligne du num\u00e9ro 163-164 &#8211; juillet-ao\u00fbt 2025 du bulletin mensuel de la LPO du Tarn<\/p>\n<p><a href=\"https:\/\/tarn.lpo.fr\/wp-content\/uploads\/2025\/09\/lecourrierdelhirondelle_163_164_20250708.pdf\" target=\"_blank\" rel=\"noopener\">T\u00e9l\u00e9charger le Courrier de l\u2019Hirondelle n\u00b0163-164<\/a><\/p>\n<p>Vous pouvez retrouver les anciens num\u00e9ros du \u201cLe Courrier de l\u2019Hirondelle\u201d sur la page <a href=\"https:\/\/tarn.lpo.fr\/?page_id=227\" rel=\"noopener\">Le Courrier de l\u2019Hirondelle<\/a>.<\/p>\n<p>Retrouvez le sommaire du Courrier de l&rsquo;Hirondelle en cliquant ci-dessous.<\/p>\n<p>&nbsp;<\/p>\n<p><!--more--><\/p>\n<p>&nbsp;<\/p>\n<p>BIEN CONNAITRE, C&rsquo;EST PROTEGER! :<br \/>\n&#8211; <span class=\"OYPEnA font-feature-liga-off font-feature-clig-off font-feature-calt-off text-decoration-none text-strikethrough-none\">Limiter les risques de collision au sein des a\u00e9roports<\/span>.<\/p>\n<p>AGIR AVEC LES REFUGES LPO :<br \/>\n&#8211; <span class=\"OYPEnA font-feature-liga-off font-feature-clig-off font-feature-calt-off text-decoration-none text-strikethrough-none\">Du plastique ? Non merci !<\/span><\/p>\n<p>ATLAS DES REPTILES ET AMPHIBIENS DU TARN :<br \/>\n&#8211; <span class=\"OYPEnA font-feature-liga-off font-feature-clig-off font-feature-calt-off text-decoration-none text-strikethrough-none\">Le L\u00e9zard catalan : crit\u00e8res de d\u00e9termination et r\u00e9partition tarnaise<\/span>.<\/p>\n<p>ACTUALIT\u00c9S LOCALES<br \/>\n&#8211; C<span class=\"OYPEnA font-feature-liga-off font-feature-clig-off font-feature-calt-off text-decoration-none text-strikethrough-none\">entre de soins: actualit\u00e9s et appel \u00e0 dons<\/span><span class=\"OYPEnA font-feature-liga-off font-feature-clig-off font-feature-calt-off text-decoration-none text-strikethrough-none\">.<\/span><br \/>\n&#8211; F<span class=\"OYPEnA font-feature-liga-off font-feature-clig-off font-feature-calt-off text-decoration-none text-strikethrough-none\">\u00eate du bois et de la for\u00eat, \u00e0 Angl\u00e8s<\/span><span class=\"OYPEnA font-feature-liga-off font-feature-clig-off font-feature-calt-off text-decoration-none text-strikethrough-none\">.<\/span><br \/>\n&#8211; <span class=\"OYPEnA font-feature-liga-off font-feature-clig-off font-feature-calt-off text-decoration-none text-strikethrough-none\">L\u2019agenda des sorties juillet &#8211; d\u00e9cembre 2025 enfin disponible !<\/span><br \/>\n&#8211; <span class=\"OYPEnA font-feature-liga-off font-feature-clig-off font-feature-calt-off text-decoration-none text-strikethrough-none\">Roquecezi\u00e8re: on retient les dates !<\/span>&nbsp;<br \/>\n&#8211; L<span class=\"OYPEnA font-feature-liga-off font-feature-clig-off font-feature-calt-off text-decoration-none text-strikethrough-none\">oi Duplomb: la LPO du Tarn aupr\u00e8s de la conf\u00e9d\u00e9ration paysanne<\/span><span class=\"OYPEnA font-feature-liga-off font-feature-clig-off font-feature-calt-off text-decoration-none text-strikethrough-none\">.<\/span><br \/>\n&#8211; <span class=\"OYPEnA font-feature-liga-off font-feature-clig-off font-feature-calt-off text-decoration-none text-strikethrough-none\">Conf\u00e9rence \u201cles Iles Australes KERGUELEN\u201d.<\/span><br \/>\n&#8211; <span class=\"OYPEnA font-feature-liga-off font-feature-clig-off font-feature-calt-off text-decoration-none text-strikethrough-none\">Les papillons de Dom Robert \u00e0 l&rsquo;honneur \u00e0 Albi.<\/span><\/p>\n<p>ACTUALIT\u00c9S NATIONALES<br \/>\n&#8211; <span class=\"OYPEnA font-feature-liga-off font-feature-clig-off font-feature-calt-off text-decoration-none text-strikethrough-none\">Congr\u00e8s LPO<\/span> <span class=\"OYPEnA font-feature-liga-off font-feature-clig-off font-feature-calt-off text-decoration-none text-strikethrough-none\">2025 \u00e0 Rochefort<\/span><span class=\"OYPEnA font-feature-liga-off font-feature-clig-off font-feature-calt-off text-decoration-none text-strikethrough-none\">.<\/span><br \/>\n&#8211; <span class=\"OYPEnA font-feature-liga-off font-feature-clig-off font-feature-calt-off text-decoration-none text-strikethrough-none\">La LPO devient gestionnaire de la r\u00e9serve naturelle nationale des Marais du Vigueirat.<\/span><br \/>\n&#8211; <span class=\"OYPEnA font-feature-liga-off font-feature-clig-off font-feature-calt-off text-decoration-none text-strikethrough-none\">Les chasseurs d\u00e9sinforment, la LPO et FNE leur r\u00e9pondent !<\/span><br \/>\n&#8211; <span class=\"OYPEnA font-feature-liga-off font-feature-clig-off font-feature-calt-off text-decoration-none text-strikethrough-none\">Lancement des carnets d&rsquo;activit\u00e9s de l&rsquo;Oiseau Mag Junior.<\/span><\/p>\n<p>QUI SUIS-JE ?<\/p>\n<p>ART-PICASSO<br \/>\n<span class=\"OYPEnA font-feature-liga-off font-feature-clig-off font-feature-calt-off text-decoration-none text-strikethrough-none\">&#8211; Les oiseaux, muses des artistes d\u2019hier et d\u2019aujourd\u2019hui.<\/span>&nbsp;<\/p>\n<p>LE SAVIEZ-VOUS ?<br \/>\n<span class=\"OYPEnA font-feature-liga-off font-feature-clig-off font-feature-calt-off text-decoration-none text-strikethrough-none\">&#8211; Les oiseaux ont-ils peur des voitures?<\/span><\/p>\n<p>PORTE PLUME&nbsp;&nbsp;<br \/>\n&#8211; <span class=\"OYPEnA font-feature-liga-off font-feature-clig-off font-feature-calt-off text-decoration-none text-strikethrough-none\">Champs de bataille.<\/span><\/p>\n<p>LES RENDEZ-VOUS NATURE.<\/p>\n","protected":false},"excerpt":{"rendered":"<p>Mise en ligne du num\u00e9ro 163-164 &#8211; juillet-ao\u00fbt 2025 du bulletin mensuel de la LPO du Tarn T\u00e9l\u00e9charger le Courrier de l\u2019Hirondelle n\u00b0163-164 Vous pouvez retrouver les anciens num\u00e9ros du \u201cLe Courrier de l\u2019Hirondelle\u201d sur la page Le Courrier de l\u2019Hirondelle. Retrouvez le sommaire du Courrier de l&rsquo;Hirondelle en cliquant ci-dessous. &nbsp;<\/p><p><a class=\"more-link btn\" href=\"https:\/\/tarn.lpo.fr\/?p=12090\">Lire la suite<\/a><\/p>\n","protected":false},"author":7,"featured_media":0,"comment_status":"closed","ping_status":"closed","sticky":false,"template":"","format":"standard","meta":{"ngg_post_thumbnail":0,"footnotes":""},"categories":[4],"tags":[66,5],"class_list":["post-12090","post","type-post","status-publish","format-standard","hentry","category-publications","tag-bulletin-dinformation","tag-courrier-de-lhirondelle","nodate","item-wrap"],"_links":{"self":[{"href":"https:\/\/tarn.lpo.fr\/index.php?rest_route=\/wp\/v2\/posts\/12090","targetHints":{"allow":["GET"]}}],"collection":[{"href":"https:\/\/tarn.lpo.fr\/index.php?rest_route=\/wp\/v2\/posts"}],"about":[{"href":"https:\/\/tarn.lpo.fr\/index.php?rest_route=\/wp\/v2\/types\/post"}],"author":[{"embeddable":true,"href":"https:\/\/tarn.lpo.fr\/index.php?rest_route=\/wp\/v2\/users\/7"}],"replies":[{"embeddable":true,"href":"https:\/\/tarn.lpo.fr\/index.php?rest_route=%2Fwp%2Fv2%2Fcomments&post=12090"}],"version-history":[{"count":0,"href":"https:\/\/tarn.lpo.fr\/index.php?rest_route=\/wp\/v2\/posts\/12090\/revisions"}],"wp:attachment":[{"href":"https:\/\/tarn.lpo.fr\/index.php?rest_route=%2Fwp%2Fv2%2Fmedia&parent=12090"}],"wp:term":[{"taxonomy":"category","embeddable":true,"href":"https:\/\/tarn.lpo.fr\/index.php?rest_route=%2Fwp%2Fv2%2Fcategories&post=12090"},{"taxonomy":"post_tag","embeddable":true,"href":"https:\/\/tarn.lpo.fr\/index.php?rest_route=%2Fwp%2Fv2%2Ftags&post=12090"}],"curies":[{"name":"wp","href":"https:\/\/api.w.org\/{rel}","templated":true}]}}