{"id":12411,"date":"2025-12-10T16:42:41","date_gmt":"2025-12-10T16:42:41","guid":{"rendered":"https:\/\/tarn.lpo.fr\/?p=12411"},"modified":"2026-01-09T20:47:05","modified_gmt":"2026-01-09T20:47:05","slug":"courrier-de-lhirondelle-168-decembre-2025","status":"publish","type":"post","link":"https:\/\/tarn.lpo.fr\/?p=12411","title":{"rendered":"Courrier de l&rsquo;Hirondelle 168 &#8211; d\u00e9cembre 2025"},"content":{"rendered":"<p><a href=\"https:\/\/tarn.lpo.fr\/wp-content\/uploads\/2025\/12\/lecourrierdelhirondelle_168_202512.pdf\" target=\"_blank\" rel=\"attachment noopener wp-att-12420\"><img loading=\"lazy\" decoding=\"async\" class=\"alignleft wp-image-12420 size-medium\" src=\"https:\/\/tarn.lpo.fr\/wp-content\/uploads\/2025\/12\/Image_CDH_168-212x300.jpg\" alt=\"\" width=\"212\" height=\"300\" srcset=\"https:\/\/tarn.lpo.fr\/wp-content\/uploads\/2025\/12\/Image_CDH_168-212x300.jpg 212w, https:\/\/tarn.lpo.fr\/wp-content\/uploads\/2025\/12\/Image_CDH_168-724x1024.jpg 724w, https:\/\/tarn.lpo.fr\/wp-content\/uploads\/2025\/12\/Image_CDH_168-768x1086.jpg 768w, https:\/\/tarn.lpo.fr\/wp-content\/uploads\/2025\/12\/Image_CDH_168-1086x1536.jpg 1086w, https:\/\/tarn.lpo.fr\/wp-content\/uploads\/2025\/12\/Image_CDH_168-652x922.jpg 652w, https:\/\/tarn.lpo.fr\/wp-content\/uploads\/2025\/12\/Image_CDH_168.jpg 1241w\" sizes=\"auto, (max-width: 212px) 100vw, 212px\" \/><\/a>Mise en ligne du num\u00e9ro 168 &#8211; d\u00e9cembre 2025 du bulletin mensuel de la LPO du Tarn<\/p>\n<p><a href=\"https:\/\/tarn.lpo.fr\/wp-content\/uploads\/2025\/12\/lecourrierdelhirondelle_168_202512.pdf\" target=\"_blank\" rel=\"noopener\">T\u00e9l\u00e9charger le Courrier de l\u2019Hirondelle n\u00b0168<\/a><\/p>\n<p>Vous pouvez retrouver les anciens num\u00e9ros du \u201cLe Courrier de l\u2019Hirondelle\u201d sur la page <a href=\"https:\/\/tarn.lpo.fr\/?page_id=227\" rel=\"noopener\">Le Courrier de l\u2019Hirondelle<\/a>.<\/p>\n<p>Retrouvez le sommaire du Courrier de l&rsquo;Hirondelle en cliquant ci-dessous.<\/p>\n<p>&nbsp;<\/p>\n<p><!--more--><\/p>\n<p>&nbsp;<\/p>\n<p>L&rsquo;OISEAU DU MOIS :<br \/>\n&#8211; <span class=\"a_GcMg font-feature-liga-off font-feature-clig-off font-feature-calt-off text-decoration-none text-strikethrough-none\">Le Busard Saint-Martin<\/span>.<br \/>\n&#8211; <span class=\"a_GcMg font-feature-liga-off font-feature-clig-off font-feature-calt-off text-decoration-none text-strikethrough-none\">Comptage des dortoirs de<\/span> <span class=\"a_GcMg font-feature-liga-off font-feature-clig-off font-feature-calt-off text-decoration-none text-strikethrough-none\">Busards Saint-Martin.<\/span><\/p>\n<p>AGIR AVEC LES REFUGES LPO :<br \/>\n&#8211; <span class=\"a_GcMg font-feature-liga-off font-feature-clig-off font-feature-calt-off text-decoration-none text-strikethrough-none\">Une saison pour observer les oiseaux au jardin.<\/span><\/p>\n<p>ATLAS DES REPTILES ET AMPHIBIENS DU TARN :<br \/>\n&#8211; <span class=\"a_GcMg font-feature-liga-off font-feature-clig-off font-feature-calt-off text-decoration-none text-strikethrough-none\">La Couleuvre d&rsquo;Esculape dans le Tarn<\/span>.<\/p>\n<p>ACTUALIT\u00c9S LOCALES<br \/>\n&#8211; <span class=\"a_GcMg font-feature-liga-off font-feature-clig-off font-feature-calt-off text-decoration-none text-strikethrough-none\">Un nichoir \u00e0 Chev\u00eache, \u00e0 Mazamet<\/span><span class=\"a_GcMg font-feature-liga-off font-feature-clig-off font-feature-calt-off text-decoration-none text-strikethrough-none\">.<\/span><br \/>\n&#8211; <span class=\"a_GcMg font-feature-liga-off font-feature-clig-off font-feature-calt-off text-decoration-none text-strikethrough-none\">Initiative b\u00e9n\u00e9vole : les hirondelles de Lagrave.<\/span><br \/>\n&#8211; <span class=\"a_GcMg font-feature-liga-off font-feature-clig-off font-feature-calt-off text-decoration-none text-strikethrough-none\">Tir ill\u00e9gal sur des rapaces : la LPO du Tarn tire la sonnette d\u2019alarme<\/span><span class=\"a_GcMg font-feature-liga-off font-feature-clig-off font-feature-calt-off text-decoration-none text-strikethrough-none\">.<\/span><br \/>\n&#8211; <span class=\"a_GcMg font-feature-liga-off font-feature-clig-off font-feature-calt-off text-decoration-none text-strikethrough-none\">Audrey, cap sur de nouveaux horizons !<\/span><br \/>\n&#8211; <span class=\"a_GcMg font-feature-liga-off font-feature-clig-off font-feature-calt-off text-decoration-none text-strikethrough-none\">Premi\u00e8re Op\u00e9ration tournesol de l&rsquo;hiver 2025\/2026, un bilan toujours \u00e0 la hausse&#8230;<\/span><br \/>\n&#8211; <span class=\"a_GcMg font-feature-liga-off font-feature-clig-off font-feature-calt-off text-decoration-none text-strikethrough-none\">Devenez ambassadeur du comptage des oiseaux des jardins !<\/span><\/p>\n<p>ACTUALIT\u00c9S NATIONALES<br \/>\n&#8211; <span class=\"a_GcMg font-feature-liga-off font-feature-clig-off font-feature-calt-off text-decoration-none text-strikethrough-none\">Municipales 2026\u202f: la nature entre en campagne<\/span><span class=\"a_GcMg font-feature-liga-off font-feature-clig-off font-feature-calt-off text-decoration-none text-strikethrough-none\">s<\/span><span class=\"OYPEnA font-feature-liga-off font-feature-clig-off font-feature-calt-off text-decoration-none text-strikethrough-none\">.<\/span><br \/>\n&#8211; <span class=\"a_GcMg font-feature-liga-off font-feature-clig-off font-feature-calt-off text-decoration-none text-strikethrough-none\">Ligne THT vers Fos-sur-Mer : l\u2019\u00c9tat doit revoir sa copie !<\/span><br \/>\n&#8211; <span class=\"a_GcMg font-feature-liga-off font-feature-clig-off font-feature-calt-off text-decoration-none text-strikethrough-none\">Webinaire \u00ab Tous acteurs de la biodiversit\u00e9 ! \u00bb.<\/span><span class=\"a_GcMg font-feature-liga-off font-feature-clig-off font-feature-calt-off text-decoration-none text-strikethrough-none\">.<\/span><br \/>\n&#8211; <span class=\"a_GcMg font-feature-liga-off font-feature-clig-off font-feature-calt-off text-decoration-none text-strikethrough-none\">Sans n\u00e9onicotino\u00efdes, les oiseaux reviennent \u00e0 la campagne<\/span><span class=\"a_GcMg font-feature-liga-off font-feature-clig-off font-feature-calt-off text-decoration-none text-strikethrough-none\">.<\/span><\/p>\n<p>QUI SUIS-JE ?<\/p>\n<p>ART-PICASSO<br \/>\n<span class=\"OYPEnA font-feature-liga-off font-feature-clig-off font-feature-calt-off text-decoration-none text-strikethrough-none\">&#8211; Les oiseaux, muses des artistes d\u2019hier et d\u2019aujourd\u2019hui.<\/span>&nbsp;<\/p>\n<p>LE SAVIEZ-VOUS ?<br \/>\n<span class=\"OYPEnA font-feature-liga-off font-feature-clig-off font-feature-calt-off text-decoration-none text-strikethrough-none\">&#8211; <span class=\"a_GcMg font-feature-liga-off font-feature-clig-off font-feature-calt-off text-decoration-none text-strikethrough-none\">Chauves-souris et oiseaux font-ils bon m\u00e9nage ?<\/span><\/span><\/p>\n<p>PORTE PLUME&nbsp;&nbsp;<br \/>\n&#8211; <span class=\"a_GcMg font-feature-liga-off font-feature-clig-off font-feature-calt-off text-decoration-none text-strikethrough-none\">Livres jeunesse: id\u00e9es cadeaux pour No\u00ebl<\/span><span class=\"a_GcMg font-feature-liga-off font-feature-clig-off font-feature-calt-off text-decoration-none text-strikethrough-none\">.<\/span><\/p>\n<p>LES RENDEZ-VOUS NATURE.<\/p>\n","protected":false},"excerpt":{"rendered":"<p>Mise en ligne du num\u00e9ro 168 &#8211; d\u00e9cembre 2025 du bulletin mensuel de la LPO du Tarn T\u00e9l\u00e9charger le Courrier de l\u2019Hirondelle n\u00b0168 Vous pouvez retrouver les anciens num\u00e9ros du \u201cLe Courrier de l\u2019Hirondelle\u201d sur la page Le Courrier de l\u2019Hirondelle. Retrouvez le sommaire du Courrier de l&rsquo;Hirondelle en cliquant ci-dessous. &nbsp;<\/p><p><a class=\"more-link btn\" href=\"https:\/\/tarn.lpo.fr\/?p=12411\">Lire la suite<\/a><\/p>\n","protected":false},"author":7,"featured_media":0,"comment_status":"closed","ping_status":"closed","sticky":false,"template":"","format":"standard","meta":{"ngg_post_thumbnail":0,"footnotes":""},"categories":[4],"tags":[66,5],"class_list":["post-12411","post","type-post","status-publish","format-standard","hentry","category-publications","tag-bulletin-dinformation","tag-courrier-de-lhirondelle","nodate","item-wrap"],"_links":{"self":[{"href":"https:\/\/tarn.lpo.fr\/index.php?rest_route=\/wp\/v2\/posts\/12411","targetHints":{"allow":["GET"]}}],"collection":[{"href":"https:\/\/tarn.lpo.fr\/index.php?rest_route=\/wp\/v2\/posts"}],"about":[{"href":"https:\/\/tarn.lpo.fr\/index.php?rest_route=\/wp\/v2\/types\/post"}],"author":[{"embeddable":true,"href":"https:\/\/tarn.lpo.fr\/index.php?rest_route=\/wp\/v2\/users\/7"}],"replies":[{"embeddable":true,"href":"https:\/\/tarn.lpo.fr\/index.php?rest_route=%2Fwp%2Fv2%2Fcomments&post=12411"}],"version-history":[{"count":0,"href":"https:\/\/tarn.lpo.fr\/index.php?rest_route=\/wp\/v2\/posts\/12411\/revisions"}],"wp:attachment":[{"href":"https:\/\/tarn.lpo.fr\/index.php?rest_route=%2Fwp%2Fv2%2Fmedia&parent=12411"}],"wp:term":[{"taxonomy":"category","embeddable":true,"href":"https:\/\/tarn.lpo.fr\/index.php?rest_route=%2Fwp%2Fv2%2Fcategories&post=12411"},{"taxonomy":"post_tag","embeddable":true,"href":"https:\/\/tarn.lpo.fr\/index.php?rest_route=%2Fwp%2Fv2%2Ftags&post=12411"}],"curies":[{"name":"wp","href":"https:\/\/api.w.org\/{rel}","templated":true}]}}