{"id":8783,"date":"2024-02-25T15:28:29","date_gmt":"2024-02-25T15:28:29","guid":{"rendered":"https:\/\/tarn.lpo.fr\/?p=8783"},"modified":"2024-05-13T07:30:34","modified_gmt":"2024-05-13T07:30:34","slug":"une-alimentation-saine-et-une-production-durable-ne-se-feront-pas-sans-la-biodiversite","status":"publish","type":"post","link":"https:\/\/tarn.lpo.fr\/?p=8783","title":{"rendered":"Une alimentation saine et une production durable ne se feront pas sans la biodiversit\u00e9"},"content":{"rendered":"<p><a href=\"https:\/\/tarn.lpo.fr\/wp-content\/uploads\/2024\/02\/CAPNATUREBIODIVERSITE.pdf\" target=\"_blank\" rel=\"noopener\"><img loading=\"lazy\" decoding=\"async\" class=\"alignleft wp-image-8785 size-medium\" title=\"https:\/\/tarn.lpo.fr\/wp-content\/uploads\/2024\/02\/CAPNATUREBIODIVERSITE.pdf\" src=\"https:\/\/tarn.lpo.fr\/wp-content\/uploads\/2024\/02\/CAPNATUREBIODIVERSITE_page-0001-214x300.jpg\" alt=\"\" width=\"214\" height=\"300\" srcset=\"https:\/\/tarn.lpo.fr\/wp-content\/uploads\/2024\/02\/CAPNATUREBIODIVERSITE_page-0001-214x300.jpg 214w, https:\/\/tarn.lpo.fr\/wp-content\/uploads\/2024\/02\/CAPNATUREBIODIVERSITE_page-0001-731x1024.jpg 731w, https:\/\/tarn.lpo.fr\/wp-content\/uploads\/2024\/02\/CAPNATUREBIODIVERSITE_page-0001-768x1076.jpg 768w, https:\/\/tarn.lpo.fr\/wp-content\/uploads\/2024\/02\/CAPNATUREBIODIVERSITE_page-0001-652x913.jpg 652w, https:\/\/tarn.lpo.fr\/wp-content\/uploads\/2024\/02\/CAPNATUREBIODIVERSITE_page-0001.jpg 886w\" sizes=\"auto, (max-width: 214px) 100vw, 214px\" \/><\/a><strong>La protection de l\u2019environnement, bouc \u00e9missaire commode, mais regrettable de la crise agricole.<\/strong><\/p>\n<p style=\"text-align: justify;\">L\u2019agriculture est n\u00e9e de la biodiversit\u00e9 v\u00e9g\u00e9tale, animale, fongique et microbienne et, aujourd\u2019hui encore, les \u00eatres humains d\u00e9pendent directement et indirectement de cette biodiversit\u00e9 pour se nourrir,s\u2019habiller, etc. Opposer activit\u00e9s agricoles et sauvegarde de la biodiversit\u00e9 est donc fondamentalement un non-sens, que nous d\u00e9non\u00e7ons.<\/p>\n<p style=\"text-align: justify;\">Face aux difficult\u00e9s \u00e9conomiques que rencontre actuellement certains responsables politiques et agricoles ont choisi, plut\u00f4t que de remettre en cause les profondes in\u00e9galit\u00e9s existantes dans la distribution des aides publiques et la r\u00e9partition des profits, de d\u00e9signer les normes et les \u00ab contraintes \u00bbenvironnementales comme \u00e9tant responsables de la crise.<\/p>\n<p><a href=\"https:\/\/tarn.lpo.fr\/wp-content\/uploads\/2024\/02\/CAPNATUREBIODIVERSITE.pdf\" target=\"_blank\" rel=\"noopener\">T\u00e9l\u00e9chargement du document complet<\/a><\/p>\n","protected":false},"excerpt":{"rendered":"<p>La protection de l\u2019environnement, bouc \u00e9missaire commode, mais regrettable de la crise agricole. L\u2019agriculture est n\u00e9e de la biodiversit\u00e9 v\u00e9g\u00e9tale, animale, fongique et microbienne et, aujourd\u2019hui encore, les \u00eatres humains d\u00e9pendent directement et indirectement de cette biodiversit\u00e9 pour se nourrir,s\u2019habiller, etc. Opposer activit\u00e9s agricoles et sauvegarde de la biodiversit\u00e9 est donc fondamentalement un non-sens, que &hellip; <\/p>\n<p><a class=\"more-link btn\" href=\"https:\/\/tarn.lpo.fr\/?p=8783\">Lire la suite<\/a><\/p>\n","protected":false},"author":7,"featured_media":0,"comment_status":"closed","ping_status":"closed","sticky":false,"template":"","format":"standard","meta":{"ngg_post_thumbnail":0,"footnotes":""},"categories":[22],"tags":[],"class_list":["post-8783","post","type-post","status-publish","format-standard","hentry","category-actualites","nodate","item-wrap"],"_links":{"self":[{"href":"https:\/\/tarn.lpo.fr\/index.php?rest_route=\/wp\/v2\/posts\/8783","targetHints":{"allow":["GET"]}}],"collection":[{"href":"https:\/\/tarn.lpo.fr\/index.php?rest_route=\/wp\/v2\/posts"}],"about":[{"href":"https:\/\/tarn.lpo.fr\/index.php?rest_route=\/wp\/v2\/types\/post"}],"author":[{"embeddable":true,"href":"https:\/\/tarn.lpo.fr\/index.php?rest_route=\/wp\/v2\/users\/7"}],"replies":[{"embeddable":true,"href":"https:\/\/tarn.lpo.fr\/index.php?rest_route=%2Fwp%2Fv2%2Fcomments&post=8783"}],"version-history":[{"count":0,"href":"https:\/\/tarn.lpo.fr\/index.php?rest_route=\/wp\/v2\/posts\/8783\/revisions"}],"wp:attachment":[{"href":"https:\/\/tarn.lpo.fr\/index.php?rest_route=%2Fwp%2Fv2%2Fmedia&parent=8783"}],"wp:term":[{"taxonomy":"category","embeddable":true,"href":"https:\/\/tarn.lpo.fr\/index.php?rest_route=%2Fwp%2Fv2%2Fcategories&post=8783"},{"taxonomy":"post_tag","embeddable":true,"href":"https:\/\/tarn.lpo.fr\/index.php?rest_route=%2Fwp%2Fv2%2Ftags&post=8783"}],"curies":[{"name":"wp","href":"https:\/\/api.w.org\/{rel}","templated":true}]}}