{"id":9202,"date":"2024-03-03T09:44:36","date_gmt":"2024-03-03T09:44:36","guid":{"rendered":"https:\/\/tarn.lpo.fr\/?p=9202"},"modified":"2024-06-08T07:03:39","modified_gmt":"2024-06-08T07:03:39","slug":"la-huppe-fasciee","status":"publish","type":"post","link":"https:\/\/tarn.lpo.fr\/?p=9202","title":{"rendered":"La Huppe fasci\u00e9e"},"content":{"rendered":"<div id=\"attachment_9204\" style=\"width: 300px\" class=\"wp-caption alignleft\"><a href=\"https:\/\/tarn.lpo.fr\/?attachment_id=9204\" rel=\"attachment wp-att-9204\"><img loading=\"lazy\" decoding=\"async\" aria-describedby=\"caption-attachment-9204\" class=\"size-medium wp-image-9204\" src=\"https:\/\/tarn.lpo.fr\/wp-content\/uploads\/2024\/04\/Image_Huppe-fasciee-001-300x169.jpg\" alt=\"\" width=\"300\" height=\"169\" srcset=\"https:\/\/tarn.lpo.fr\/wp-content\/uploads\/2024\/04\/Image_Huppe-fasciee-001-300x169.jpg 300w, https:\/\/tarn.lpo.fr\/wp-content\/uploads\/2024\/04\/Image_Huppe-fasciee-001-1024x575.jpg 1024w, https:\/\/tarn.lpo.fr\/wp-content\/uploads\/2024\/04\/Image_Huppe-fasciee-001-768x432.jpg 768w, https:\/\/tarn.lpo.fr\/wp-content\/uploads\/2024\/04\/Image_Huppe-fasciee-001-1536x863.jpg 1536w, https:\/\/tarn.lpo.fr\/wp-content\/uploads\/2024\/04\/Image_Huppe-fasciee-001-2048x1151.jpg 2048w, https:\/\/tarn.lpo.fr\/wp-content\/uploads\/2024\/04\/Image_Huppe-fasciee-001-652x366.jpg 652w\" sizes=\"auto, (max-width: 300px) 100vw, 300px\" \/><\/a><p id=\"caption-attachment-9204\" class=\"wp-caption-text\">\u00a9 JL Haber<\/p><\/div>\n<p style=\"text-align: justify;\"><span style=\"font-family: 'Averia Libre';\">Certains l&rsquo;on d\u00e9j\u00e0 observ\u00e9e dans la campagne pr\u00e8s de chez eux, d&rsquo;autres ont entendu le \u00ab&nbsp;houpoupoup&nbsp;\u00bb caract\u00e9ristique de cet oiseau qui fr\u00e9quente le sud de l&rsquo;Europe, on peut donc le voir facilement en Occitanie. L<span style=\"color: #202122;\"><span style=\"font-size: medium;\">es huppes europ\u00e9ennes&nbsp;<\/span><\/span><span style=\"color: #000080;\"><span lang=\"zxx\"><a href=\"https:\/\/fr.wikipedia.org\/wiki\/Migration_des_oiseaux\"><span style=\"color: #000000;\"><span style=\"font-size: medium;\">migrent<\/span><\/span><\/a><\/span><\/span><span style=\"color: #000000;\"><span style=\"font-size: medium;\">&nbsp;<\/span><\/span><span style=\"color: #202122;\"><span style=\"font-size: medium;\">en g\u00e9n\u00e9ral jusqu&rsquo;en&nbsp;<\/span><\/span><span style=\"color: #000080;\"><span lang=\"zxx\"><a href=\"https:\/\/fr.wikipedia.org\/wiki\/Afrique_tropicale\"><span style=\"color: #000000;\"><span style=\"font-size: medium;\">Afrique tropicale<\/span><\/span><\/a><\/span><\/span><span style=\"color: #202122;\"><span style=\"font-size: medium;\">&nbsp;pour passer la mauvaise saison de l&rsquo;h\u00e9misph\u00e8re nord. L&rsquo;hivernage est rare et accidentel en France<\/span><\/span><\/span><\/p>\n<p style=\"text-align: justify;\">En France, son arriv\u00e9e est pr\u00e9coce, enregistr\u00e9e d\u00e8s la fin f\u00e9vrier dans le Sud, en mars ou avril dans les r\u00e9gions plus septentrionales. Elle quitte ces latitudes d\u00e8s qu&rsquo;elle a termin\u00e9 sa nidification, au mois d&rsquo;ao\u00fbt et plus rarement en septembre.<\/p>\n<p><!--more--><\/p>\n<p style=\"text-align: justify;\"><span style=\"color: #202122; font-family: 'Averia Libre';\"><span style=\"font-size: medium;\">La huppe fasci\u00e9e est un tr\u00e8s bel oiseau au plumage chamois orang\u00e9 dont la queue et les ailes sont bariol\u00e9es de noir et de blanc. Sa cr\u00eate \u00e9rectile chamois lui donne un aspect tr\u00e8s \u00e9l\u00e9gant lorsqu&rsquo;elle se d\u00e9place dans les terrains meubles aux herbes rases, elle visit\u00e9 volontiers les jardins , les parcs et les verger et peut m\u00eame fr\u00e9quenter la p\u00e9riph\u00e9rie de centre ville et de villages.<\/span><\/span><\/p>\n<p style=\"text-align: justify;\"><span style=\"color: #202122; font-family: 'Averia Libre';\"><span style=\"font-size: medium;\">Son bec l\u00e9g\u00e8rement arqu\u00e9 lui permet de se nourrir de vers et de larves d&rsquo;insectes qu&rsquo;elle extrait du sol. Elle affectionne aussi les insectes adultes comme les col\u00e9opt\u00e8res qu&rsquo;elle assomme sur une pierre pour en arracher les \u00e9lytres. Elle ne d\u00e9daigne pas les petits reptiles comme les l\u00e9zards.<\/span><\/span><\/p>\n<div id=\"attachment_9205\" style=\"width: 300px\" class=\"wp-caption alignleft\"><a href=\"https:\/\/tarn.lpo.fr\/?attachment_id=9205\" rel=\"attachment wp-att-9205\"><img loading=\"lazy\" decoding=\"async\" aria-describedby=\"caption-attachment-9205\" class=\"size-medium wp-image-9205\" src=\"https:\/\/tarn.lpo.fr\/wp-content\/uploads\/2024\/04\/Image_Huppe-fasciee-002-300x169.jpg\" alt=\"\" width=\"300\" height=\"169\" srcset=\"https:\/\/tarn.lpo.fr\/wp-content\/uploads\/2024\/04\/Image_Huppe-fasciee-002-300x169.jpg 300w, https:\/\/tarn.lpo.fr\/wp-content\/uploads\/2024\/04\/Image_Huppe-fasciee-002-1024x575.jpg 1024w, https:\/\/tarn.lpo.fr\/wp-content\/uploads\/2024\/04\/Image_Huppe-fasciee-002-768x432.jpg 768w, https:\/\/tarn.lpo.fr\/wp-content\/uploads\/2024\/04\/Image_Huppe-fasciee-002-1536x863.jpg 1536w, https:\/\/tarn.lpo.fr\/wp-content\/uploads\/2024\/04\/Image_Huppe-fasciee-002-2048x1151.jpg 2048w, https:\/\/tarn.lpo.fr\/wp-content\/uploads\/2024\/04\/Image_Huppe-fasciee-002-652x366.jpg 652w\" sizes=\"auto, (max-width: 300px) 100vw, 300px\" \/><\/a><p id=\"caption-attachment-9205\" class=\"wp-caption-text\">JL Haber<\/p><\/div>\n<p style=\"text-align: justify;\"><span style=\"color: #000000; font-family: 'Averia Libre';\"><span style=\"font-size: medium;\">A terre, la Huppe fasci\u00e9e est active, affair\u00e9e. D\u00e8s qu\u2019elle est en alerte, elle dresse brusquement sa huppe, qu\u2019elle rabat rapidement cherchant refuge dans les arbres. L\u2019originalit\u00e9 de son vol est l\u2019un des traits les plus frappants de ce bel oiseau. Avec ses ailes arrondies, son vol onduleux et ind\u00e9cis assez pr\u00e8s du sol, elle ressemble \u00e0 un papillon g\u00e9ant. Bien que son vol puisse sembler lourd et peu agile, la huppe se r\u00e9v\u00e8le habile et acrobatique pour d\u00e9jouer ses agresseurs. Elle est plut\u00f4t solitaire, assez discr\u00e8te et silencieuse. Peu farouche, elle se tient n\u00e9anmoins \u00e0 bonne distance des observateurs humains. <\/span><\/span><\/p>\n<p style=\"text-align: justify;\"><span style=\"color: #000000; font-family: 'Averia Libre';\"><span style=\"font-size: medium;\">D\u00e8s son retour sur le territoire de nidification, le m\u00e2le signale sa pr\u00e9sence par son chant. Celui-ci, tr\u00e8s particulier, est un motif de trois syllabes (houpoupoup) ou rarement, deux ou quatre. C\u2019est un bruit sourd de pr\u00e8s mais perceptible de tr\u00e8s loin. Si sa posture ailes et queue \u00e9tal\u00e9es ne suffit pas \u00e0 d\u00e9courager le rival, il n\u2019h\u00e9site pas \u00e0 l\u2019affronter en un combat digne de celui des coqs.<\/span><\/span><\/p>\n<p style=\"text-align: justify;\"><span style=\"color: #000000; font-family: 'Averia Libre';\"><span style=\"font-size: medium;\">C\u2019est un oiseau cavicole. Toutes les cavit\u00e9s peuvent \u00eatre occup\u00e9es pour la nidification : arbres, murs, amas de pierres\u2026 Les \u0153ufs reposent directement sur le fond de la cavit\u00e9. La femelle pond 5 \u00e0 8 \u0153ufs jaunes vert olive et couve 16 jours d\u00e8s le premier \u0153uf. Durant cette p\u00e9riode, elle est nourrie par le m\u00e2le qui continue le ravitaillement deux semaines apr\u00e8s l\u2019\u00e9closion. Le nombre de jeunes prenant l\u2019envol est relativement r\u00e9duit. <\/span><\/span><\/p>\n<div id=\"attachment_9208\" style=\"width: 300px\" class=\"wp-caption alignleft\"><a href=\"https:\/\/tarn.lpo.fr\/?attachment_id=9208\" rel=\"attachment wp-att-9208\"><img loading=\"lazy\" decoding=\"async\" aria-describedby=\"caption-attachment-9208\" class=\"size-medium wp-image-9208\" src=\"https:\/\/tarn.lpo.fr\/wp-content\/uploads\/2024\/04\/Image_Huppe-fasciee-003-300x169.jpg\" alt=\"\" width=\"300\" height=\"169\" srcset=\"https:\/\/tarn.lpo.fr\/wp-content\/uploads\/2024\/04\/Image_Huppe-fasciee-003-300x169.jpg 300w, https:\/\/tarn.lpo.fr\/wp-content\/uploads\/2024\/04\/Image_Huppe-fasciee-003-1024x575.jpg 1024w, https:\/\/tarn.lpo.fr\/wp-content\/uploads\/2024\/04\/Image_Huppe-fasciee-003-768x432.jpg 768w, https:\/\/tarn.lpo.fr\/wp-content\/uploads\/2024\/04\/Image_Huppe-fasciee-003-1536x863.jpg 1536w, https:\/\/tarn.lpo.fr\/wp-content\/uploads\/2024\/04\/Image_Huppe-fasciee-003-2048x1151.jpg 2048w, https:\/\/tarn.lpo.fr\/wp-content\/uploads\/2024\/04\/Image_Huppe-fasciee-003-652x366.jpg 652w\" sizes=\"auto, (max-width: 300px) 100vw, 300px\" \/><\/a><p id=\"caption-attachment-9208\" class=\"wp-caption-text\">JL Haber<\/p><\/div>\n<p style=\"text-align: justify;\"><span style=\"font-family: 'Averia Libre';\"><span style=\"color: #000000;\"><span style=\"font-size: medium;\">Globalement, la&nbsp;<\/span><\/span><span style=\"color: #000000;\"><span style=\"font-size: medium;\">Huppe<\/span><\/span><span style=\"color: #000000;\"><span style=\"font-size: medium;\">&nbsp;fasci\u00e9e n&rsquo;est pas menac\u00e9e. N\u00e9anmoins, il faut signaler des restrictions d&rsquo;aire, en particulier en Europe de l&rsquo;Ouest, o\u00f9 la population d\u00e9cline depuis le 19e si\u00e8cle. Et ce d\u00e9clin semble se poursuivre en d\u00e9pit des modifications du climat qui en principe devraient favoriser cet oiseau thermophile. Or, ce n&rsquo;est pas vraiment le cas. <\/span><\/span><\/span><\/p>\n<p style=\"text-align: justify;\" align=\"JUSTIFY\"><span style=\"font-family: 'Averia Libre';\"><span style=\"color: #000000;\"><span style=\"font-size: medium;\">La raison majeure en est probablement l&rsquo;appauvrissement g\u00e9n\u00e9ralis\u00e9 de l&rsquo;ensemble des insectes<\/span><\/span> des \u00e9cosyst\u00e8mes agricoles au sens large dont l&rsquo;oiseau d\u00e9pend enti\u00e8rement pour sa survie. La rar\u00e9faction des gros&nbsp;<span style=\"color: #000080;\"><span lang=\"zxx\"><a href=\"https:\/\/www.oiseaux.net\/glossaire\/insecte.html\"><span style=\"color: #000000;\"><span style=\"font-size: medium;\">insectes<\/span><\/span><\/a><\/span><\/span><span style=\"color: #000000;\"><span style=\"font-size: medium;\">, qui affecte \u00e9galement d&rsquo;autres oiseaux comme les pies-gri\u00e8ches, est une cons\u00e9quence directe de l&#8217;emploi massif et g\u00e9n\u00e9ralis\u00e9 de pesticides, non seulement en agriculture, mais \u00e9galement par les particuliers, aucun milieu n&rsquo;y \u00e9chappant vraiment. De plus, l&rsquo;habitat traditionnel de la&nbsp;<\/span><\/span><span style=\"color: #000080;\"><span lang=\"zxx\"><a href=\"https:\/\/www.oiseaux.net\/glossaire\/huppe.html\"><span style=\"color: #000000;\"><span style=\"font-size: medium;\">huppe<\/span><\/span><\/a><\/span><\/span><span style=\"color: #000000;\"><span style=\"font-size: medium;\">, le village avec ses vieilles maisons, son&nbsp;<\/span><\/span><span style=\"color: #000080;\"><span lang=\"zxx\"><a href=\"https:\/\/www.oiseaux.net\/glossaire\/bocage.html\"><span style=\"color: #000000;\"><span style=\"font-size: medium;\">bocage<\/span><\/span><\/a><\/span><\/span><span style=\"color: #000000;\"><span style=\"font-size: medium;\">, ses vergers et p\u00e2tures p\u00e9riph\u00e9riques, ses petits jardins sans intrants, tend \u00e0 r\u00e9gresser par manque d&rsquo;entretien. L&rsquo;habitat lui-m\u00eame est r\u00e9nov\u00e9, privant la&nbsp;<\/span><\/span><span style=\"color: #000080;\"><span lang=\"zxx\"><a href=\"https:\/\/www.oiseaux.net\/glossaire\/huppe.html\"><span style=\"color: #000000;\"><span style=\"font-size: medium;\">huppe<\/span><\/span><\/a><\/span><\/span><span style=\"color: #000000;\"><span style=\"font-size: medium;\">&nbsp;<\/span><\/span><span style=\"color: #000000;\"><span style=\"font-size: medium;\">de sites de nidification. La pose de nichoirs peut compenser ce manque, mais encore faut-il y penser.<\/span><\/span><\/span><\/p>\n<p align=\"JUSTIFY\"><span style=\"color: #000000; font-family: 'Averia Libre';\"><span style=\"font-size: medium;\">Sources&nbsp;:<\/span><\/span><\/p>\n<ul>\n<li>\n<p align=\"JUSTIFY\"><span style=\"color: #000000; font-family: 'Averia Libre';\"><span style=\"font-size: medium;\"><i>Site internet LPO&nbsp;: d\u00e9couvrir le nature\/fiche esp\u00e8ce\/ huppe fasci\u00e9e&nbsp;: <\/i><\/span><\/span><\/p>\n<\/li>\n<\/ul>\n<p align=\"JUSTIFY\"><span style=\"font-family: 'Averia Libre';\"><span style=\"color: #000080;\"><span lang=\"zxx\"><u><span style=\"color: #000000;\"><span style=\"font-size: medium;\">https:\/\/www.lpo.fr\/decouvrir-la-nature\/fiches-especes\/fiches-especes\/oiseaux\/huppe-fasciee#:~:text=La%20Huppe%20fasci%C3%A9e%20est%20un,air%20de%20vieille%20dame%20%C3%A9l%C3%A9gante<\/span><\/span><\/u><\/span><\/span><span style=\"color: #000080;\"><span lang=\"zxx\"><u><a href=\"https:\/\/www.lpo.fr\/decouvrir-la-nature\/fiches-especes\/fiches-especes\/oiseaux\/huppe-fasciee#:~:text=La%20Huppe%20fasci\u00e9e%20est%20un,air%20de%20vieille%20dame%20\u00e9l\u00e9gante.\">.<\/a><\/u><\/span><\/span><\/span><\/p>\n<ul>\n<li>\n<p align=\"JUSTIFY\"><span style=\"color: #000000; font-family: 'Averia Libre';\"><span style=\"font-size: medium;\"><i>Oiseau.net<\/i><\/span><\/span><\/p>\n<\/li>\n<\/ul>\n","protected":false},"excerpt":{"rendered":"<p>Certains l&rsquo;on d\u00e9j\u00e0 observ\u00e9e dans la campagne pr\u00e8s de chez eux, d&rsquo;autres ont entendu le \u00ab&nbsp;houpoupoup&nbsp;\u00bb caract\u00e9ristique de cet oiseau qui fr\u00e9quente le sud de l&rsquo;Europe, on peut donc le voir facilement en Occitanie. Les huppes europ\u00e9ennes&nbsp;migrent&nbsp;en g\u00e9n\u00e9ral jusqu&rsquo;en&nbsp;Afrique tropicale&nbsp;pour passer la mauvaise saison de l&rsquo;h\u00e9misph\u00e8re nord. L&rsquo;hivernage est rare et accidentel en France En &hellip; <\/p>\n<p><a class=\"more-link btn\" href=\"https:\/\/tarn.lpo.fr\/?p=9202\">Lire la suite<\/a><\/p>\n","protected":false},"author":7,"featured_media":0,"comment_status":"open","ping_status":"open","sticky":false,"template":"","format":"standard","meta":{"ngg_post_thumbnail":0,"footnotes":""},"categories":[4],"tags":[106],"class_list":["post-9202","post","type-post","status-publish","format-standard","hentry","category-publications","tag-oiseau-du-mois","nodate","item-wrap"],"_links":{"self":[{"href":"https:\/\/tarn.lpo.fr\/index.php?rest_route=\/wp\/v2\/posts\/9202","targetHints":{"allow":["GET"]}}],"collection":[{"href":"https:\/\/tarn.lpo.fr\/index.php?rest_route=\/wp\/v2\/posts"}],"about":[{"href":"https:\/\/tarn.lpo.fr\/index.php?rest_route=\/wp\/v2\/types\/post"}],"author":[{"embeddable":true,"href":"https:\/\/tarn.lpo.fr\/index.php?rest_route=\/wp\/v2\/users\/7"}],"replies":[{"embeddable":true,"href":"https:\/\/tarn.lpo.fr\/index.php?rest_route=%2Fwp%2Fv2%2Fcomments&post=9202"}],"version-history":[{"count":0,"href":"https:\/\/tarn.lpo.fr\/index.php?rest_route=\/wp\/v2\/posts\/9202\/revisions"}],"wp:attachment":[{"href":"https:\/\/tarn.lpo.fr\/index.php?rest_route=%2Fwp%2Fv2%2Fmedia&parent=9202"}],"wp:term":[{"taxonomy":"category","embeddable":true,"href":"https:\/\/tarn.lpo.fr\/index.php?rest_route=%2Fwp%2Fv2%2Fcategories&post=9202"},{"taxonomy":"post_tag","embeddable":true,"href":"https:\/\/tarn.lpo.fr\/index.php?rest_route=%2Fwp%2Fv2%2Ftags&post=9202"}],"curies":[{"name":"wp","href":"https:\/\/api.w.org\/{rel}","templated":true}]}}